{"tema_id":"36620","string":"Regulaci\u00f3n de la expresi\u00f3n gen\u00e9tica","created":"2025-12-11 01:49:47","code":null}