{"@context":{"dc":"http:\/\/purl.org\/dc\/elements\/1.1\/","skos":"http:\/\/www.w3.org\/2004\/02\/skos\/core#","skos:broader":{"@type":"@id"},"skos:inScheme":{"@type":"@id"},"skos:related":{"@type":"@id"},"skos:narrower":{"@type":"@id"},"skos:hasTopConcept":{"@type":"@id"},"skos:topConceptOf":{"@type":"@id"}},"@id":"https:\/\/bibliotecadigital.fia.cl\/tesauro\/vocab\/skos\/24081","@type":"skos:Concept","skos:prefLabel":{"@language":"es","@value=":"Fen\u00f3meno \u00f3ptico atmosf\u00e9rico"},"skos:inScheme":"https:\/\/bibliotecadigital.fia.cl\/tesauro\/vocab\/","dct:created":"2025-12-11 01:13:18","skos:broader":["https:\/\/bibliotecadigital.fia.cl\/tesauro\/vocab\/skos\/974"],"skos:related":["https:\/\/bibliotecadigital.fia.cl\/tesauro\/vocab\/skos\/21108","https:\/\/bibliotecadigital.fia.cl\/tesauro\/vocab\/skos\/19265","https:\/\/bibliotecadigital.fia.cl\/tesauro\/vocab\/skos\/16133","https:\/\/bibliotecadigital.fia.cl\/tesauro\/vocab\/skos\/24091"]}